{"id":9737,"date":"2020-02-23T14:00:00","date_gmt":"2020-02-23T13:00:00","guid":{"rendered":"https:\/\/retro-tiseurs.com\/wp-retro\/?p=9737"},"modified":"2020-02-24T07:16:36","modified_gmt":"2020-02-24T06:16:36","slug":"emmanuel-bourgeois-nous-a-quittes","status":"publish","type":"post","link":"https:\/\/retro-tiseurs.com\/wp-retro\/blog\/2020\/02\/23\/emmanuel-bourgeois-nous-a-quittes\/","title":{"rendered":"Emmanuel Bourgeois nous a quitt\u00e9s"},"content":{"rendered":"<h2><a href=\"https:\/\/retro-tiseurs.com\/wp-retro\/blog\/2020\/02\/23\/emmanuel-bourgeois-nous-a-quittes\/\"><img loading=\"lazy\" decoding=\"async\" class=\"alignleft wp-image-9739 size-thumbnail\" src=\"https:\/\/retro-tiseurs.com\/wp-retro\/wp-content\/uploads\/2020\/02\/Manu-Bourgeois-B-150x150.jpg\" alt=\"\" width=\"150\" height=\"150\" srcset=\"https:\/\/retro-tiseurs.com\/wp-retro\/wp-content\/uploads\/2020\/02\/Manu-Bourgeois-B-150x150.jpg 150w, https:\/\/retro-tiseurs.com\/wp-retro\/wp-content\/uploads\/2020\/02\/Manu-Bourgeois-B-300x300.jpg 300w, https:\/\/retro-tiseurs.com\/wp-retro\/wp-content\/uploads\/2020\/02\/Manu-Bourgeois-B.jpg 397w\" sizes=\"auto, (max-width: 150px) 85vw, 150px\" \/><\/a>Les R\u00e9tro-Tiseurs \u00e0 nouveau en deuil<\/h2>\n<p>Il y a 21 mois nous vous annoncions le d\u00e9c\u00e8s de Jean-Claude, aujourd&rsquo;hui cette terrible maladie qu&rsquo;est le cancer nous enl\u00e8ve son fr\u00e8re Emmanuel Bourgeois (dit Manu). <!--more--><\/p>\n<p>Manu n\u2019\u00e9tait pas seulement un membre fondateur de notre club, il \u00e9tait pour beaucoup un ami d&rsquo;enfance. Un pote avec qui on pouvait passer de merveilleux moments.<\/p>\n<p>Nous sommes d\u00e9vast\u00e9s par cette perte, qui nous laisse un grand vide. Nous adressons toute nos condol\u00e9ances \u00e0 sa famille et tout particuli\u00e8rement \u00e0 sa Maman.<\/p>\n<p>Manu reposera a la chambre fun\u00e9raire de Piennes \u00e0 Partir de lundi.<br \/>\nLa c\u00e9r\u00e9monie d&rsquo;adieux aura lieu a l&rsquo;\u00e9glise de Xivry-Circourt ce mardi 25 f\u00e9vrier \u00e0 14h30.<\/p>\n<blockquote><p>Afin de rendre hommage \u00e0 Emmanuel, \u00e0 notre ami, \u00e0 ce passionn\u00e9 de v\u00e9hicules de collection, nous souhaiterions que les membres du club viennent nombreux \u00e0 la c\u00e9r\u00e9monie d\u2019adieu.<\/p>\n<p>RDV \u00e0 la chambre fun\u00e9raire de Piennes \u00e0 13h15 habill\u00e9s aux couleurs du club.<br \/>\nNous l&rsquo;escorterons en voitures anciennes jusqu\u2019\u00e0 l&rsquo;\u00e9glise de Xivry.<\/p><\/blockquote>\n<p><img loading=\"lazy\" decoding=\"async\" class=\"aligncenter size-full wp-image-9740\" src=\"https:\/\/retro-tiseurs.com\/wp-retro\/wp-content\/uploads\/2020\/02\/Manu-Bourgeois.jpg\" alt=\"\" width=\"720\" height=\"960\" srcset=\"https:\/\/retro-tiseurs.com\/wp-retro\/wp-content\/uploads\/2020\/02\/Manu-Bourgeois.jpg 720w, https:\/\/retro-tiseurs.com\/wp-retro\/wp-content\/uploads\/2020\/02\/Manu-Bourgeois-225x300.jpg 225w\" sizes=\"auto, (max-width: 709px) 85vw, (max-width: 909px) 67vw, (max-width: 984px) 61vw, (max-width: 1362px) 45vw, 600px\" \/><\/p>\n<h2>R\u00e9publicain Lorrain du 23\/02\/2020<\/h2>\n<p>Nous avons appris le d\u00e9c\u00e8s de M. Emmanuel Bourgeois, survenu \u00e0 Nancy, samedi 22 f\u00e9vrier, \u00e0 l\u2019\u00e2ge de 50 ans.<\/p>\n<p>N\u00e9 le 5 septembre 1969 \u00e0 Villerupt, il avait \u00e9pous\u00e9 Mme Fabiola Schoutz le 5 septembre 2009.<\/p>\n<p>Ce chef de chantier \u00e9tait le p\u00e8re de trois enfants, Jonathan, Jessy et L\u00e9a. Il laisse dans la peine sa m\u00e8re Lucie, domicili\u00e9e \u00e0 Serrouville, ainsi que toute sa famille.<\/p>\n<p>Le corps du d\u00e9funt repose \u00e0 la chambre fun\u00e9raire Lescanne, 6 rue du Point-du-Jour \u00e0 Piennes. Ses obs\u00e8ques seront c\u00e9l\u00e9br\u00e9es ce mardi 25 f\u00e9vrier \u00e0 14h30, en l\u2019\u00e9glise de Xivry-Circourt. L\u2019inhumation au cimeti\u00e8re communal suivra.<\/p>\n<p>Nos condol\u00e9ances \u00e0 la famille.<\/p>\n<p><img loading=\"lazy\" decoding=\"async\" class=\"aligncenter size-large wp-image-9751\" src=\"https:\/\/retro-tiseurs.com\/wp-retro\/wp-content\/uploads\/2020\/02\/RL-2020-02-23-Manu-Bourgeois-850x1024.jpg\" alt=\"\" width=\"840\" height=\"1012\" srcset=\"https:\/\/retro-tiseurs.com\/wp-retro\/wp-content\/uploads\/2020\/02\/RL-2020-02-23-Manu-Bourgeois-850x1024.jpg 850w, https:\/\/retro-tiseurs.com\/wp-retro\/wp-content\/uploads\/2020\/02\/RL-2020-02-23-Manu-Bourgeois-249x300.jpg 249w, https:\/\/retro-tiseurs.com\/wp-retro\/wp-content\/uploads\/2020\/02\/RL-2020-02-23-Manu-Bourgeois.jpg 1189w\" sizes=\"auto, (max-width: 709px) 85vw, (max-width: 909px) 67vw, (max-width: 1362px) 62vw, 840px\" \/><\/p>\n","protected":false},"excerpt":{"rendered":"<p>Les R\u00e9tro-Tiseurs \u00e0 nouveau en deuil Il y a 21 mois nous vous annoncions le d\u00e9c\u00e8s de Jean-Claude, aujourd&rsquo;hui cette terrible maladie qu&rsquo;est le cancer nous enl\u00e8ve son fr\u00e8re Emmanuel Bourgeois (dit Manu).<\/p>\n","protected":false},"author":1,"featured_media":0,"comment_status":"open","ping_status":"open","sticky":false,"template":"","format":"standard","meta":{"footnotes":""},"categories":[26],"tags":[],"class_list":["post-9737","post","type-post","status-publish","format-standard","hentry","category-news"],"_links":{"self":[{"href":"https:\/\/retro-tiseurs.com\/wp-retro\/wp-json\/wp\/v2\/posts\/9737","targetHints":{"allow":["GET"]}}],"collection":[{"href":"https:\/\/retro-tiseurs.com\/wp-retro\/wp-json\/wp\/v2\/posts"}],"about":[{"href":"https:\/\/retro-tiseurs.com\/wp-retro\/wp-json\/wp\/v2\/types\/post"}],"author":[{"embeddable":true,"href":"https:\/\/retro-tiseurs.com\/wp-retro\/wp-json\/wp\/v2\/users\/1"}],"replies":[{"embeddable":true,"href":"https:\/\/retro-tiseurs.com\/wp-retro\/wp-json\/wp\/v2\/comments?post=9737"}],"version-history":[{"count":10,"href":"https:\/\/retro-tiseurs.com\/wp-retro\/wp-json\/wp\/v2\/posts\/9737\/revisions"}],"predecessor-version":[{"id":9753,"href":"https:\/\/retro-tiseurs.com\/wp-retro\/wp-json\/wp\/v2\/posts\/9737\/revisions\/9753"}],"wp:attachment":[{"href":"https:\/\/retro-tiseurs.com\/wp-retro\/wp-json\/wp\/v2\/media?parent=9737"}],"wp:term":[{"taxonomy":"category","embeddable":true,"href":"https:\/\/retro-tiseurs.com\/wp-retro\/wp-json\/wp\/v2\/categories?post=9737"},{"taxonomy":"post_tag","embeddable":true,"href":"https:\/\/retro-tiseurs.com\/wp-retro\/wp-json\/wp\/v2\/tags?post=9737"}],"curies":[{"name":"wp","href":"https:\/\/api.w.org\/{rel}","templated":true}]}}