{"id":3717,"date":"2008-01-01T17:20:54","date_gmt":"2008-01-01T16:20:54","guid":{"rendered":"http:\/\/retro-tiseurs.com\/wp-retro\/?p=3717"},"modified":"2016-10-02T17:38:41","modified_gmt":"2016-10-02T15:38:41","slug":"renault-megane-rs-f1-team-r26-2008","status":"publish","type":"post","link":"https:\/\/retro-tiseurs.com\/wp-retro\/blog\/2008\/01\/01\/renault-megane-rs-f1-team-r26-2008\/","title":{"rendered":"Renault M\u00e9gane RS F1 Team R26 &#8211; 2008"},"content":{"rendered":"<p><a href=\"http:\/\/retro-tiseurs.com\/wp-retro\/?p=3717\"><img loading=\"lazy\" decoding=\"async\" class=\"alignleft wp-image-3725 size-thumbnail\" src=\"http:\/\/retro-tiseurs.com\/wp-retro\/wp-content\/uploads\/2008\/01\/Renault-M\u00e9gane-RS-F1-Team-R26-2008-Miano-Michel-5-150x150.jpg\" alt=\"renault-megane-rs-f1-team-r26-2008-miano-michel-5\" width=\"150\" height=\"150\" \/><\/a>Renault a pr\u00e9sent\u00e9 au Mondial de Paris la M\u00e9gane F1 Team R26. Son moteur 2.0 Turbo de 230 ch, son ch\u00e2ssis Cup et son syst\u00e8me de freinage Brembo en font\u00a0une des voitures les plus performantes parmi les berlines compactes sportives.<!--more--><\/p>\n<p>Sa pr\u00e9sentation distinctive parach\u00e8ve son positionnement dans l\u2019univers des voitures \u00e0 caract\u00e8re tr\u00e8s sportif.<\/p>\n<p>Fort du succ\u00e8s rencontr\u00e9 par la M\u00e9gane F1 Team lanc\u00e9e en janvier 2006, Renault perp\u00e9tue la tradition en pr\u00e9sentant la M\u00e9gane F1 Team R26. Son nom de bapt\u00eame est un clin d\u2019oeil \u00e0 la voiture qui a concouru et remport\u00e9 le championnat du monde de Formule 1.<\/p>\n<div id='gallery-1' class='gallery galleryid-3717 gallery-columns-5 gallery-size-thumbnail'><figure class='gallery-item'>\n\t\t\t<div class='gallery-icon landscape'>\n\t\t\t\t<a href='https:\/\/retro-tiseurs.com\/wp-retro\/blog\/2008\/01\/01\/renault-megane-rs-f1-team-r26-2008\/renault-megane-rs-f1-team-r26-2008-miano-michel-1\/'><img loading=\"lazy\" decoding=\"async\" width=\"150\" height=\"150\" src=\"https:\/\/retro-tiseurs.com\/wp-retro\/wp-content\/uploads\/2008\/01\/Renault-M\u00e9gane-RS-F1-Team-R26-2008-Miano-Michel-1-150x150.jpg\" class=\"attachment-thumbnail size-thumbnail\" alt=\"\" \/><\/a>\n\t\t\t<\/div><\/figure><figure class='gallery-item'>\n\t\t\t<div class='gallery-icon landscape'>\n\t\t\t\t<a href='https:\/\/retro-tiseurs.com\/wp-retro\/blog\/2008\/01\/01\/renault-megane-rs-f1-team-r26-2008\/renault-megane-rs-f1-team-r26-2008-miano-michel-16\/'><img loading=\"lazy\" decoding=\"async\" width=\"150\" height=\"150\" src=\"https:\/\/retro-tiseurs.com\/wp-retro\/wp-content\/uploads\/2008\/01\/Renault-M\u00e9gane-RS-F1-Team-R26-2008-Miano-Michel-16-150x150.jpg\" class=\"attachment-thumbnail size-thumbnail\" alt=\"\" \/><\/a>\n\t\t\t<\/div><\/figure><figure class='gallery-item'>\n\t\t\t<div class='gallery-icon landscape'>\n\t\t\t\t<a href='https:\/\/retro-tiseurs.com\/wp-retro\/blog\/2008\/01\/01\/renault-megane-rs-f1-team-r26-2008\/renault-megane-rs-f1-team-r26-2008-miano-michel-15\/'><img loading=\"lazy\" decoding=\"async\" width=\"150\" height=\"150\" src=\"https:\/\/retro-tiseurs.com\/wp-retro\/wp-content\/uploads\/2008\/01\/Renault-M\u00e9gane-RS-F1-Team-R26-2008-Miano-Michel-15-150x150.jpg\" class=\"attachment-thumbnail size-thumbnail\" alt=\"\" \/><\/a>\n\t\t\t<\/div><\/figure><figure class='gallery-item'>\n\t\t\t<div class='gallery-icon portrait'>\n\t\t\t\t<a href='https:\/\/retro-tiseurs.com\/wp-retro\/blog\/2008\/01\/01\/renault-megane-rs-f1-team-r26-2008\/renault-megane-rs-f1-team-r26-2008-miano-michel-14\/'><img loading=\"lazy\" decoding=\"async\" width=\"150\" height=\"150\" src=\"https:\/\/retro-tiseurs.com\/wp-retro\/wp-content\/uploads\/2008\/01\/Renault-M\u00e9gane-RS-F1-Team-R26-2008-Miano-Michel-14-150x150.jpg\" class=\"attachment-thumbnail size-thumbnail\" alt=\"\" \/><\/a>\n\t\t\t<\/div><\/figure><figure class='gallery-item'>\n\t\t\t<div class='gallery-icon landscape'>\n\t\t\t\t<a href='https:\/\/retro-tiseurs.com\/wp-retro\/blog\/2008\/01\/01\/renault-megane-rs-f1-team-r26-2008\/renault-megane-rs-f1-team-r26-2008-miano-michel-13\/'><img loading=\"lazy\" decoding=\"async\" width=\"150\" height=\"150\" src=\"https:\/\/retro-tiseurs.com\/wp-retro\/wp-content\/uploads\/2008\/01\/Renault-M\u00e9gane-RS-F1-Team-R26-2008-Miano-Michel-13-150x150.jpg\" class=\"attachment-thumbnail size-thumbnail\" alt=\"\" \/><\/a>\n\t\t\t<\/div><\/figure><figure class='gallery-item'>\n\t\t\t<div class='gallery-icon landscape'>\n\t\t\t\t<a href='https:\/\/retro-tiseurs.com\/wp-retro\/blog\/2008\/01\/01\/renault-megane-rs-f1-team-r26-2008\/renault-megane-rs-f1-team-r26-2008-miano-michel-12\/'><img loading=\"lazy\" decoding=\"async\" width=\"150\" height=\"150\" src=\"https:\/\/retro-tiseurs.com\/wp-retro\/wp-content\/uploads\/2008\/01\/Renault-M\u00e9gane-RS-F1-Team-R26-2008-Miano-Michel-12-150x150.jpg\" class=\"attachment-thumbnail size-thumbnail\" alt=\"\" \/><\/a>\n\t\t\t<\/div><\/figure><figure class='gallery-item'>\n\t\t\t<div class='gallery-icon landscape'>\n\t\t\t\t<a href='https:\/\/retro-tiseurs.com\/wp-retro\/blog\/2008\/01\/01\/renault-megane-rs-f1-team-r26-2008\/renault-megane-rs-f1-team-r26-2008-miano-michel-11\/'><img loading=\"lazy\" decoding=\"async\" width=\"150\" height=\"150\" src=\"https:\/\/retro-tiseurs.com\/wp-retro\/wp-content\/uploads\/2008\/01\/Renault-M\u00e9gane-RS-F1-Team-R26-2008-Miano-Michel-11-150x150.jpg\" class=\"attachment-thumbnail size-thumbnail\" alt=\"\" \/><\/a>\n\t\t\t<\/div><\/figure><figure class='gallery-item'>\n\t\t\t<div class='gallery-icon landscape'>\n\t\t\t\t<a href='https:\/\/retro-tiseurs.com\/wp-retro\/blog\/2008\/01\/01\/renault-megane-rs-f1-team-r26-2008\/renault-megane-rs-f1-team-r26-2008-miano-michel-10\/'><img loading=\"lazy\" decoding=\"async\" width=\"150\" height=\"150\" src=\"https:\/\/retro-tiseurs.com\/wp-retro\/wp-content\/uploads\/2008\/01\/Renault-M\u00e9gane-RS-F1-Team-R26-2008-Miano-Michel-10-150x150.jpg\" class=\"attachment-thumbnail size-thumbnail\" alt=\"\" \/><\/a>\n\t\t\t<\/div><\/figure><figure class='gallery-item'>\n\t\t\t<div class='gallery-icon landscape'>\n\t\t\t\t<a href='https:\/\/retro-tiseurs.com\/wp-retro\/blog\/2008\/01\/01\/renault-megane-rs-f1-team-r26-2008\/renault-megane-rs-f1-team-r26-2008-miano-michel-9\/'><img loading=\"lazy\" decoding=\"async\" width=\"150\" height=\"150\" src=\"https:\/\/retro-tiseurs.com\/wp-retro\/wp-content\/uploads\/2008\/01\/Renault-M\u00e9gane-RS-F1-Team-R26-2008-Miano-Michel-9-150x150.jpg\" class=\"attachment-thumbnail size-thumbnail\" alt=\"\" \/><\/a>\n\t\t\t<\/div><\/figure><figure class='gallery-item'>\n\t\t\t<div class='gallery-icon landscape'>\n\t\t\t\t<a href='https:\/\/retro-tiseurs.com\/wp-retro\/blog\/2008\/01\/01\/renault-megane-rs-f1-team-r26-2008\/renault-megane-rs-f1-team-r26-2008-miano-michel-8\/'><img loading=\"lazy\" decoding=\"async\" width=\"150\" height=\"150\" src=\"https:\/\/retro-tiseurs.com\/wp-retro\/wp-content\/uploads\/2008\/01\/Renault-M\u00e9gane-RS-F1-Team-R26-2008-Miano-Michel-8-150x150.jpg\" class=\"attachment-thumbnail size-thumbnail\" alt=\"\" \/><\/a>\n\t\t\t<\/div><\/figure><figure class='gallery-item'>\n\t\t\t<div class='gallery-icon landscape'>\n\t\t\t\t<a href='https:\/\/retro-tiseurs.com\/wp-retro\/blog\/2008\/01\/01\/renault-megane-rs-f1-team-r26-2008\/renault-megane-rs-f1-team-r26-2008-miano-michel-7\/'><img loading=\"lazy\" decoding=\"async\" width=\"150\" height=\"150\" src=\"https:\/\/retro-tiseurs.com\/wp-retro\/wp-content\/uploads\/2008\/01\/Renault-M\u00e9gane-RS-F1-Team-R26-2008-Miano-Michel-7-150x150.jpg\" class=\"attachment-thumbnail size-thumbnail\" alt=\"\" \/><\/a>\n\t\t\t<\/div><\/figure><figure class='gallery-item'>\n\t\t\t<div class='gallery-icon portrait'>\n\t\t\t\t<a href='https:\/\/retro-tiseurs.com\/wp-retro\/blog\/2008\/01\/01\/renault-megane-rs-f1-team-r26-2008\/renault-megane-rs-f1-team-r26-2008-miano-michel-6\/'><img loading=\"lazy\" decoding=\"async\" width=\"150\" height=\"150\" src=\"https:\/\/retro-tiseurs.com\/wp-retro\/wp-content\/uploads\/2008\/01\/Renault-M\u00e9gane-RS-F1-Team-R26-2008-Miano-Michel-6-150x150.jpg\" class=\"attachment-thumbnail size-thumbnail\" alt=\"\" \/><\/a>\n\t\t\t<\/div><\/figure><figure class='gallery-item'>\n\t\t\t<div class='gallery-icon landscape'>\n\t\t\t\t<a href='https:\/\/retro-tiseurs.com\/wp-retro\/blog\/2008\/01\/01\/renault-megane-rs-f1-team-r26-2008\/renault-megane-rs-f1-team-r26-2008-miano-michel-5\/'><img loading=\"lazy\" decoding=\"async\" width=\"150\" height=\"150\" src=\"https:\/\/retro-tiseurs.com\/wp-retro\/wp-content\/uploads\/2008\/01\/Renault-M\u00e9gane-RS-F1-Team-R26-2008-Miano-Michel-5-150x150.jpg\" class=\"attachment-thumbnail size-thumbnail\" alt=\"\" \/><\/a>\n\t\t\t<\/div><\/figure><figure class='gallery-item'>\n\t\t\t<div class='gallery-icon landscape'>\n\t\t\t\t<a href='https:\/\/retro-tiseurs.com\/wp-retro\/blog\/2008\/01\/01\/renault-megane-rs-f1-team-r26-2008\/renault-megane-rs-f1-team-r26-2008-miano-michel-4\/'><img loading=\"lazy\" decoding=\"async\" width=\"150\" height=\"150\" src=\"https:\/\/retro-tiseurs.com\/wp-retro\/wp-content\/uploads\/2008\/01\/Renault-M\u00e9gane-RS-F1-Team-R26-2008-Miano-Michel-4-150x150.jpg\" class=\"attachment-thumbnail size-thumbnail\" alt=\"\" \/><\/a>\n\t\t\t<\/div><\/figure><figure class='gallery-item'>\n\t\t\t<div class='gallery-icon portrait'>\n\t\t\t\t<a href='https:\/\/retro-tiseurs.com\/wp-retro\/blog\/2008\/01\/01\/renault-megane-rs-f1-team-r26-2008\/renault-megane-rs-f1-team-r26-2008-miano-michel-3\/'><img loading=\"lazy\" decoding=\"async\" width=\"150\" height=\"150\" src=\"https:\/\/retro-tiseurs.com\/wp-retro\/wp-content\/uploads\/2008\/01\/Renault-M\u00e9gane-RS-F1-Team-R26-2008-Miano-Michel-3-150x150.jpg\" class=\"attachment-thumbnail size-thumbnail\" alt=\"\" \/><\/a>\n\t\t\t<\/div><\/figure><figure class='gallery-item'>\n\t\t\t<div class='gallery-icon landscape'>\n\t\t\t\t<a href='https:\/\/retro-tiseurs.com\/wp-retro\/blog\/2008\/01\/01\/renault-megane-rs-f1-team-r26-2008\/renault-megane-rs-f1-team-r26-2008-miano-michel-2\/'><img loading=\"lazy\" decoding=\"async\" width=\"150\" height=\"150\" src=\"https:\/\/retro-tiseurs.com\/wp-retro\/wp-content\/uploads\/2008\/01\/Renault-M\u00e9gane-RS-F1-Team-R26-2008-Miano-Michel-2-150x150.jpg\" class=\"attachment-thumbnail size-thumbnail\" alt=\"\" \/><\/a>\n\t\t\t<\/div><\/figure>\n\t\t<\/div>\n\n<p>D\u00e9velopp\u00e9e par Renault Sport Technologies, la M\u00e9gane F1 Team R26 est la version la plus sportive de la famille M\u00e9gane Renault Sport.<\/p>\n<p>Cette voiture appartient \u00e0 Michel Miano.<\/p>\n<p>&nbsp;<\/p>\n","protected":false},"excerpt":{"rendered":"<p>Renault a pr\u00e9sent\u00e9 au Mondial de Paris la M\u00e9gane F1 Team R26. Son moteur 2.0 Turbo de 230 ch, son ch\u00e2ssis Cup et son syst\u00e8me de freinage Brembo en font\u00a0une des voitures les plus performantes parmi les berlines compactes sportives.<\/p>\n","protected":false},"author":1,"featured_media":0,"comment_status":"open","ping_status":"open","sticky":false,"template":"","format":"standard","meta":{"footnotes":""},"categories":[47,19,17],"tags":[132,72],"class_list":["post-3717","post","type-post","status-publish","format-standard","hentry","category-2000-et-plus","category-renault","category-vehicules","tag-132","tag-miano-michel"],"_links":{"self":[{"href":"https:\/\/retro-tiseurs.com\/wp-retro\/wp-json\/wp\/v2\/posts\/3717","targetHints":{"allow":["GET"]}}],"collection":[{"href":"https:\/\/retro-tiseurs.com\/wp-retro\/wp-json\/wp\/v2\/posts"}],"about":[{"href":"https:\/\/retro-tiseurs.com\/wp-retro\/wp-json\/wp\/v2\/types\/post"}],"author":[{"embeddable":true,"href":"https:\/\/retro-tiseurs.com\/wp-retro\/wp-json\/wp\/v2\/users\/1"}],"replies":[{"embeddable":true,"href":"https:\/\/retro-tiseurs.com\/wp-retro\/wp-json\/wp\/v2\/comments?post=3717"}],"version-history":[{"count":10,"href":"https:\/\/retro-tiseurs.com\/wp-retro\/wp-json\/wp\/v2\/posts\/3717\/revisions"}],"predecessor-version":[{"id":3743,"href":"https:\/\/retro-tiseurs.com\/wp-retro\/wp-json\/wp\/v2\/posts\/3717\/revisions\/3743"}],"wp:attachment":[{"href":"https:\/\/retro-tiseurs.com\/wp-retro\/wp-json\/wp\/v2\/media?parent=3717"}],"wp:term":[{"taxonomy":"category","embeddable":true,"href":"https:\/\/retro-tiseurs.com\/wp-retro\/wp-json\/wp\/v2\/categories?post=3717"},{"taxonomy":"post_tag","embeddable":true,"href":"https:\/\/retro-tiseurs.com\/wp-retro\/wp-json\/wp\/v2\/tags?post=3717"}],"curies":[{"name":"wp","href":"https:\/\/api.w.org\/{rel}","templated":true}]}}