{"id":2345,"date":"1987-07-02T14:28:51","date_gmt":"1987-07-02T12:28:51","guid":{"rendered":"http:\/\/retro-tiseurs.com\/wp-retro\/?p=2345"},"modified":"2016-05-30T23:13:41","modified_gmt":"2016-05-30T21:13:41","slug":"bmw-325i-1987-bourgeois-jean-claude-1","status":"publish","type":"post","link":"https:\/\/retro-tiseurs.com\/wp-retro\/blog\/1987\/07\/02\/bmw-325i-1987-bourgeois-jean-claude-1\/","title":{"rendered":"BMW 325i 1987"},"content":{"rendered":"<p><a href=\"http:\/\/retro-tiseurs.com\/wp-retro\/?p=2345\"><img loading=\"lazy\" decoding=\"async\" class=\"alignleft wp-image-2332 size-thumbnail\" src=\"http:\/\/retro-tiseurs.com\/wp-retro\/wp-content\/uploads\/2016\/05\/BMW-325i-1987-Bourgeois-Jean-Claude-5-150x150.jpg\" alt=\"BMW 325i 1987 Bourgeois Jean-Claude (5)\" width=\"150\" height=\"150\" \/><\/a>Cette s\u00e9rie prend la succession en mai 1975 de la BMW 2002, reprenant la plupart de ses caract\u00e9ristiques, tout en lui ajoutant de nombreuses \u00e9volutions, notamment au niveau des moteurs.<!--more--><\/p>\n<p>La premi\u00e8re s\u00e9rie 3 est apparue en 1975 en remplacement des 1502, 1602, 1802 et 2002 (E10\/E20), dont elle reprend certaines motorisations. Elle sera produite en version 2 portes et motoris\u00e9e par des blocs essence. La conception de la s\u00e9rie 3 est innovante. L&rsquo;int\u00e9rieur a \u00e9t\u00e9 particuli\u00e8rement travaill\u00e9 en habitabilit\u00e9 et ergonomie. Le poste de conduite est encore aujourd&rsquo;hui une r\u00e9f\u00e9rence.<\/p>\n<div id='gallery-1' class='gallery galleryid-2345 gallery-columns-5 gallery-size-thumbnail'><figure class='gallery-item'>\n\t\t\t<div class='gallery-icon landscape'>\n\t\t\t\t<a href='https:\/\/retro-tiseurs.com\/wp-retro\/bmw-325i-1987-bourgeois-jean-claude-17\/'><img loading=\"lazy\" decoding=\"async\" width=\"150\" height=\"150\" src=\"https:\/\/retro-tiseurs.com\/wp-retro\/wp-content\/uploads\/2016\/05\/BMW-325i-1987-Bourgeois-Jean-Claude-17-150x150.jpg\" class=\"attachment-thumbnail size-thumbnail\" alt=\"\" \/><\/a>\n\t\t\t<\/div><\/figure><figure class='gallery-item'>\n\t\t\t<div class='gallery-icon portrait'>\n\t\t\t\t<a href='https:\/\/retro-tiseurs.com\/wp-retro\/bmw-325i-1987-bourgeois-jean-claude-16\/'><img loading=\"lazy\" decoding=\"async\" width=\"150\" height=\"150\" src=\"https:\/\/retro-tiseurs.com\/wp-retro\/wp-content\/uploads\/2016\/05\/BMW-325i-1987-Bourgeois-Jean-Claude-16-e1464525135801-150x150.jpg\" class=\"attachment-thumbnail size-thumbnail\" alt=\"\" \/><\/a>\n\t\t\t<\/div><\/figure><figure class='gallery-item'>\n\t\t\t<div class='gallery-icon landscape'>\n\t\t\t\t<a href='https:\/\/retro-tiseurs.com\/wp-retro\/bmw-325i-1987-bourgeois-jean-claude-15\/'><img loading=\"lazy\" decoding=\"async\" width=\"150\" height=\"150\" src=\"https:\/\/retro-tiseurs.com\/wp-retro\/wp-content\/uploads\/2016\/05\/BMW-325i-1987-Bourgeois-Jean-Claude-15-150x150.jpg\" class=\"attachment-thumbnail size-thumbnail\" alt=\"\" \/><\/a>\n\t\t\t<\/div><\/figure><figure class='gallery-item'>\n\t\t\t<div class='gallery-icon landscape'>\n\t\t\t\t<a href='https:\/\/retro-tiseurs.com\/wp-retro\/bmw-325i-1987-bourgeois-jean-claude-14\/'><img loading=\"lazy\" decoding=\"async\" width=\"150\" height=\"150\" src=\"https:\/\/retro-tiseurs.com\/wp-retro\/wp-content\/uploads\/2016\/05\/BMW-325i-1987-Bourgeois-Jean-Claude-14-150x150.jpg\" class=\"attachment-thumbnail size-thumbnail\" alt=\"\" \/><\/a>\n\t\t\t<\/div><\/figure><figure class='gallery-item'>\n\t\t\t<div class='gallery-icon landscape'>\n\t\t\t\t<a href='https:\/\/retro-tiseurs.com\/wp-retro\/bmw-325i-1987-bourgeois-jean-claude-13\/'><img loading=\"lazy\" decoding=\"async\" width=\"150\" height=\"150\" src=\"https:\/\/retro-tiseurs.com\/wp-retro\/wp-content\/uploads\/2016\/05\/BMW-325i-1987-Bourgeois-Jean-Claude-13-150x150.jpg\" class=\"attachment-thumbnail size-thumbnail\" alt=\"\" \/><\/a>\n\t\t\t<\/div><\/figure><figure class='gallery-item'>\n\t\t\t<div class='gallery-icon landscape'>\n\t\t\t\t<a href='https:\/\/retro-tiseurs.com\/wp-retro\/bmw-325i-1987-bourgeois-jean-claude-12\/'><img loading=\"lazy\" decoding=\"async\" width=\"150\" height=\"150\" src=\"https:\/\/retro-tiseurs.com\/wp-retro\/wp-content\/uploads\/2016\/05\/BMW-325i-1987-Bourgeois-Jean-Claude-12-150x150.jpg\" class=\"attachment-thumbnail size-thumbnail\" alt=\"\" \/><\/a>\n\t\t\t<\/div><\/figure><figure class='gallery-item'>\n\t\t\t<div class='gallery-icon landscape'>\n\t\t\t\t<a href='https:\/\/retro-tiseurs.com\/wp-retro\/bmw-325i-1987-bourgeois-jean-claude-11\/'><img loading=\"lazy\" decoding=\"async\" width=\"150\" height=\"150\" src=\"https:\/\/retro-tiseurs.com\/wp-retro\/wp-content\/uploads\/2016\/05\/BMW-325i-1987-Bourgeois-Jean-Claude-11-150x150.jpg\" class=\"attachment-thumbnail size-thumbnail\" alt=\"\" \/><\/a>\n\t\t\t<\/div><\/figure><figure class='gallery-item'>\n\t\t\t<div class='gallery-icon landscape'>\n\t\t\t\t<a href='https:\/\/retro-tiseurs.com\/wp-retro\/bmw-325i-1987-bourgeois-jean-claude-10\/'><img loading=\"lazy\" decoding=\"async\" width=\"150\" height=\"150\" src=\"https:\/\/retro-tiseurs.com\/wp-retro\/wp-content\/uploads\/2016\/05\/BMW-325i-1987-Bourgeois-Jean-Claude-10-150x150.jpg\" class=\"attachment-thumbnail size-thumbnail\" alt=\"\" \/><\/a>\n\t\t\t<\/div><\/figure><figure class='gallery-item'>\n\t\t\t<div class='gallery-icon landscape'>\n\t\t\t\t<a href='https:\/\/retro-tiseurs.com\/wp-retro\/bmw-325i-1987-bourgeois-jean-claude-9\/'><img loading=\"lazy\" decoding=\"async\" width=\"150\" height=\"150\" src=\"https:\/\/retro-tiseurs.com\/wp-retro\/wp-content\/uploads\/2016\/05\/BMW-325i-1987-Bourgeois-Jean-Claude-9-150x150.jpg\" class=\"attachment-thumbnail size-thumbnail\" alt=\"\" \/><\/a>\n\t\t\t<\/div><\/figure><figure class='gallery-item'>\n\t\t\t<div class='gallery-icon landscape'>\n\t\t\t\t<a href='https:\/\/retro-tiseurs.com\/wp-retro\/bmw-325i-1987-bourgeois-jean-claude-8\/'><img loading=\"lazy\" decoding=\"async\" width=\"150\" height=\"150\" src=\"https:\/\/retro-tiseurs.com\/wp-retro\/wp-content\/uploads\/2016\/05\/BMW-325i-1987-Bourgeois-Jean-Claude-8-150x150.jpg\" class=\"attachment-thumbnail size-thumbnail\" alt=\"\" \/><\/a>\n\t\t\t<\/div><\/figure><figure class='gallery-item'>\n\t\t\t<div class='gallery-icon landscape'>\n\t\t\t\t<a href='https:\/\/retro-tiseurs.com\/wp-retro\/bmw-325i-1987-bourgeois-jean-claude-7\/'><img loading=\"lazy\" decoding=\"async\" width=\"150\" height=\"150\" src=\"https:\/\/retro-tiseurs.com\/wp-retro\/wp-content\/uploads\/2016\/05\/BMW-325i-1987-Bourgeois-Jean-Claude-7-150x150.jpg\" class=\"attachment-thumbnail size-thumbnail\" alt=\"\" \/><\/a>\n\t\t\t<\/div><\/figure><figure class='gallery-item'>\n\t\t\t<div class='gallery-icon landscape'>\n\t\t\t\t<a href='https:\/\/retro-tiseurs.com\/wp-retro\/bmw-325i-1987-bourgeois-jean-claude-6\/'><img loading=\"lazy\" decoding=\"async\" width=\"150\" height=\"150\" src=\"https:\/\/retro-tiseurs.com\/wp-retro\/wp-content\/uploads\/2016\/05\/BMW-325i-1987-Bourgeois-Jean-Claude-6-150x150.jpg\" class=\"attachment-thumbnail size-thumbnail\" alt=\"\" \/><\/a>\n\t\t\t<\/div><\/figure><figure class='gallery-item'>\n\t\t\t<div class='gallery-icon landscape'>\n\t\t\t\t<a href='https:\/\/retro-tiseurs.com\/wp-retro\/blog\/1987\/07\/02\/bmw-325i-1987-bourgeois-jean-claude-1\/bmw-325i-1987-bourgeois-jean-claude-5\/'><img loading=\"lazy\" decoding=\"async\" width=\"150\" height=\"150\" src=\"https:\/\/retro-tiseurs.com\/wp-retro\/wp-content\/uploads\/2016\/05\/BMW-325i-1987-Bourgeois-Jean-Claude-5-150x150.jpg\" class=\"attachment-thumbnail size-thumbnail\" alt=\"\" \/><\/a>\n\t\t\t<\/div><\/figure><figure class='gallery-item'>\n\t\t\t<div class='gallery-icon landscape'>\n\t\t\t\t<a href='https:\/\/retro-tiseurs.com\/wp-retro\/bmw-325i-1987-bourgeois-jean-claude-4\/'><img loading=\"lazy\" decoding=\"async\" width=\"150\" height=\"150\" src=\"https:\/\/retro-tiseurs.com\/wp-retro\/wp-content\/uploads\/2016\/05\/BMW-325i-1987-Bourgeois-Jean-Claude-4-150x150.jpg\" class=\"attachment-thumbnail size-thumbnail\" alt=\"\" \/><\/a>\n\t\t\t<\/div><\/figure><figure class='gallery-item'>\n\t\t\t<div class='gallery-icon landscape'>\n\t\t\t\t<a href='https:\/\/retro-tiseurs.com\/wp-retro\/bmw-325i-1987-bourgeois-jean-claude-3\/'><img loading=\"lazy\" decoding=\"async\" width=\"150\" height=\"150\" src=\"https:\/\/retro-tiseurs.com\/wp-retro\/wp-content\/uploads\/2016\/05\/BMW-325i-1987-Bourgeois-Jean-Claude-3-150x150.jpg\" class=\"attachment-thumbnail size-thumbnail\" alt=\"\" \/><\/a>\n\t\t\t<\/div><\/figure><figure class='gallery-item'>\n\t\t\t<div class='gallery-icon landscape'>\n\t\t\t\t<a href='https:\/\/retro-tiseurs.com\/wp-retro\/bmw-325i-1987-bourgeois-jean-claude-2\/'><img loading=\"lazy\" decoding=\"async\" width=\"150\" height=\"150\" src=\"https:\/\/retro-tiseurs.com\/wp-retro\/wp-content\/uploads\/2016\/05\/BMW-325i-1987-Bourgeois-Jean-Claude-2-150x150.jpg\" class=\"attachment-thumbnail size-thumbnail\" alt=\"\" \/><\/a>\n\t\t\t<\/div><\/figure><figure class='gallery-item'>\n\t\t\t<div class='gallery-icon landscape'>\n\t\t\t\t<a href='https:\/\/retro-tiseurs.com\/wp-retro\/bmw-325i-1987-bourgeois-jean-claude-1\/'><img loading=\"lazy\" decoding=\"async\" width=\"150\" height=\"150\" src=\"https:\/\/retro-tiseurs.com\/wp-retro\/wp-content\/uploads\/2016\/05\/BMW-325i-1987-Bourgeois-Jean-Claude-1-150x150.jpg\" class=\"attachment-thumbnail size-thumbnail\" alt=\"\" \/><\/a>\n\t\t\t<\/div><\/figure>\n\t\t<\/div>\n\n<p>Cette voiture appartient \u00e0 Edith et Jean-Claude Bourgeois.<br \/>\nLa date de premi\u00e8re mise en circulation de ce v\u00e9hicule est le 2 juillet 1987, elle est identique \u00e0 la date de naissance de Jean-Claude son propri\u00e9taire (le jour, pas l&rsquo;ann\u00e9e).<\/p>\n<p>&nbsp;<\/p>\n","protected":false},"excerpt":{"rendered":"<p>Cette s\u00e9rie prend la succession en mai 1975 de la BMW 2002, reprenant la plupart de ses caract\u00e9ristiques, tout en lui ajoutant de nombreuses \u00e9volutions, notamment au niveau des moteurs.<\/p>\n","protected":false},"author":1,"featured_media":0,"comment_status":"open","ping_status":"open","sticky":false,"template":"","format":"standard","meta":{"footnotes":""},"categories":[46,20,17],"tags":[73,50],"class_list":["post-2345","post","type-post","status-publish","format-standard","hentry","category-1981-2000","category-autres-marques","category-vehicules","tag-73","tag-bourgeois-jean-claude"],"_links":{"self":[{"href":"https:\/\/retro-tiseurs.com\/wp-retro\/wp-json\/wp\/v2\/posts\/2345","targetHints":{"allow":["GET"]}}],"collection":[{"href":"https:\/\/retro-tiseurs.com\/wp-retro\/wp-json\/wp\/v2\/posts"}],"about":[{"href":"https:\/\/retro-tiseurs.com\/wp-retro\/wp-json\/wp\/v2\/types\/post"}],"author":[{"embeddable":true,"href":"https:\/\/retro-tiseurs.com\/wp-retro\/wp-json\/wp\/v2\/users\/1"}],"replies":[{"embeddable":true,"href":"https:\/\/retro-tiseurs.com\/wp-retro\/wp-json\/wp\/v2\/comments?post=2345"}],"version-history":[{"count":11,"href":"https:\/\/retro-tiseurs.com\/wp-retro\/wp-json\/wp\/v2\/posts\/2345\/revisions"}],"predecessor-version":[{"id":2353,"href":"https:\/\/retro-tiseurs.com\/wp-retro\/wp-json\/wp\/v2\/posts\/2345\/revisions\/2353"}],"wp:attachment":[{"href":"https:\/\/retro-tiseurs.com\/wp-retro\/wp-json\/wp\/v2\/media?parent=2345"}],"wp:term":[{"taxonomy":"category","embeddable":true,"href":"https:\/\/retro-tiseurs.com\/wp-retro\/wp-json\/wp\/v2\/categories?post=2345"},{"taxonomy":"post_tag","embeddable":true,"href":"https:\/\/retro-tiseurs.com\/wp-retro\/wp-json\/wp\/v2\/tags?post=2345"}],"curies":[{"name":"wp","href":"https:\/\/api.w.org\/{rel}","templated":true}]}}